{"id":559,"date":"2017-11-23T03:01:57","date_gmt":"2017-11-23T07:01:57","guid":{"rendered":"https:\/\/chocolat.cl\/chocolat2017\/?p=559"},"modified":"2021-09-01T23:11:00","modified_gmt":"2021-09-02T03:11:00","slug":"salon-du-chocolat","status":"publish","type":"post","link":"https:\/\/chocolat.cl\/chocolat2017\/2017\/11\/23\/salon-du-chocolat\/","title":{"rendered":"Salon du Chocolat"},"content":{"rendered":"<p>&nbsp;<\/p>\n<p>Chocolates El Rey participa por segunda vez en este gran evento que re\u00fane durante cinco d\u00edas m\u00e1s de 500 marcas chocolateras de todo el mundo.<\/p>\n<p>Como cada a\u00f1o el Salon du Chocolat\u00a0Par\u00eds\u00a0-considerado uno de los eventos de <a href=\"https:\/\/www.rootsalad.com\/blog\/chocolate-venezolano-medallas\/\">chocolate<\/a> m\u00e1s importantes del mundo- re\u00fane a\u00a0chocolateros y pasteleros de alto reconocimiento procedentes de m\u00e1s de 15 pa\u00edses, una\u00a0oportunidad \u00fanica de descubrir y saborear los chocolates de las mejores marcas del mundo.<\/p>\n<p>Del 28 de octubre al 1 de noviembre 2017, cerca de 500 participantes franceses e internacionales estuvieron presentes en el Sal\u00f3n de Convenciones de La Puerta de Versalles: chocolateros, pasteleros, confiteros, pa\u00edses productores, junto con los mejores\u00a0chefs, dise\u00f1adores y expertos que ofrecieron recetas, talleres, conferencias y otros eventos alrededor de chocolate.<\/p>\n<p><img loading=\"lazy\" decoding=\"async\" class=\"alignnone size-medium wp-image-584\" src=\"https:\/\/chocolat.cl\/chocolat2017\/wp-content\/uploads\/2017\/11\/salon-du-chocolat-600x400.jpg\" alt=\"\" width=\"600\" height=\"400\" srcset=\"https:\/\/chocolat.cl\/chocolat2017\/wp-content\/uploads\/2017\/11\/salon-du-chocolat-600x400.jpg 600w, https:\/\/chocolat.cl\/chocolat2017\/wp-content\/uploads\/2017\/11\/salon-du-chocolat-768x512.jpg 768w, https:\/\/chocolat.cl\/chocolat2017\/wp-content\/uploads\/2017\/11\/salon-du-chocolat.jpg 1180w\" sizes=\"(max-width: 600px) 100vw, 600px\" \/><\/p>\n<p>Como en anteriores ediciones se destac\u00f3 todas las tendencias actuales en el\u00a0chocolate\u00a0y\u00a0pasteler\u00eda\u00a0mundial, la creatividad, la vanguardia y la capacidad de innovaci\u00f3n de toda la profesi\u00f3n.<\/p>\n<p>El \u00e1rbol de cacao es una planta tropical, considerada en per\u00edodos prehisp\u00e1nicos como alimento de los dioses, moneda e incluso, evocadora de cierto poder y magnetismo. Cuyos principales pa\u00edses productores de cacao son la costa de marfil y Ghana. Sin embargo, posee numerosos peque\u00f1os mercados en Am\u00e9rica del sur y \u00c1frica, entre los que destaca el de Venezuela, por ser considerado el cacao venezolano fino de aroma, uno de los mejores del mundo.<\/p>\n<p><img loading=\"lazy\" decoding=\"async\" class=\"alignnone size-medium wp-image-583\" style=\"color: #333333; font-size: 14.4px;\" src=\"https:\/\/chocolat.cl\/chocolat2017\/wp-content\/uploads\/2017\/11\/r-kelly-vedovelli-ludivine-sagna-1060-diaporama-599x400.jpg\" alt=\"\" width=\"599\" height=\"400\" srcset=\"https:\/\/chocolat.cl\/chocolat2017\/wp-content\/uploads\/2017\/11\/r-kelly-vedovelli-ludivine-sagna-1060-diaporama-599x400.jpg 599w, https:\/\/chocolat.cl\/chocolat2017\/wp-content\/uploads\/2017\/11\/r-kelly-vedovelli-ludivine-sagna-1060-diaporama-600x400.jpg 600w, https:\/\/chocolat.cl\/chocolat2017\/wp-content\/uploads\/2017\/11\/r-kelly-vedovelli-ludivine-sagna-1060-diaporama-768x513.jpg 768w, https:\/\/chocolat.cl\/chocolat2017\/wp-content\/uploads\/2017\/11\/r-kelly-vedovelli-ludivine-sagna-1060-diaporama-1199x800.jpg 1199w, https:\/\/chocolat.cl\/chocolat2017\/wp-content\/uploads\/2017\/11\/r-kelly-vedovelli-ludivine-sagna-1060-diaporama.jpg 2048w\" sizes=\"(max-width: 599px) 100vw, 599px\" \/><\/p>\n<p>Chocolates El Rey, presente en el Salon du Chocolat<\/p>\n<p>El Stand de Chocolates El Rey, ubicado en el primer piso (stand n\u00famero C57),\u00a0destaca por la gran cantidad de actividades para venezolanos y amantes del cacao de todo el mundo. Reconocidos chef estuvieron firmando y dando tips entre ellos participaron :<\/p>\n<p>&nbsp;<\/p>\n<p>-Gr\u00e9gory Thebault<\/p>\n<p>-Veruska Pochon<\/p>\n<p>-Emerson Freites<\/p>\n<p>-Maria Fernanda Escalona<\/p>\n<p>-Vanessa Vinh<\/p>\n<p>-Jonathan Castilogni<\/p>\n","protected":false},"excerpt":{"rendered":"<p>&nbsp; Chocolates El Rey participa por segunda vez en este gran evento que re\u00fane durante cinco d\u00edas m\u00e1s de 500 marcas chocolateras de todo el mundo. Como cada a\u00f1o el Salon du Chocolat\u00a0Par\u00eds\u00a0-considerado uno de los eventos de chocolate m\u00e1s importantes del mundo- re\u00fane a\u00a0chocolateros y pasteleros de alto reconocimiento procedentes de m\u00e1s de 15 [&#8230;]\n","protected":false},"author":1,"featured_media":582,"comment_status":"closed","ping_status":"closed","sticky":false,"template":"","format":"standard","meta":{"_exactmetrics_skip_tracking":false,"_exactmetrics_sitenote_active":false,"_exactmetrics_sitenote_note":"","_exactmetrics_sitenote_category":0,"footnotes":""},"categories":[69],"tags":[],"_links":{"self":[{"href":"https:\/\/chocolat.cl\/chocolat2017\/wp-json\/wp\/v2\/posts\/559"}],"collection":[{"href":"https:\/\/chocolat.cl\/chocolat2017\/wp-json\/wp\/v2\/posts"}],"about":[{"href":"https:\/\/chocolat.cl\/chocolat2017\/wp-json\/wp\/v2\/types\/post"}],"author":[{"embeddable":true,"href":"https:\/\/chocolat.cl\/chocolat2017\/wp-json\/wp\/v2\/users\/1"}],"replies":[{"embeddable":true,"href":"https:\/\/chocolat.cl\/chocolat2017\/wp-json\/wp\/v2\/comments?post=559"}],"version-history":[{"count":8,"href":"https:\/\/chocolat.cl\/chocolat2017\/wp-json\/wp\/v2\/posts\/559\/revisions"}],"predecessor-version":[{"id":588,"href":"https:\/\/chocolat.cl\/chocolat2017\/wp-json\/wp\/v2\/posts\/559\/revisions\/588"}],"wp:featuredmedia":[{"embeddable":true,"href":"https:\/\/chocolat.cl\/chocolat2017\/wp-json\/wp\/v2\/media\/582"}],"wp:attachment":[{"href":"https:\/\/chocolat.cl\/chocolat2017\/wp-json\/wp\/v2\/media?parent=559"}],"wp:term":[{"taxonomy":"category","embeddable":true,"href":"https:\/\/chocolat.cl\/chocolat2017\/wp-json\/wp\/v2\/categories?post=559"},{"taxonomy":"post_tag","embeddable":true,"href":"https:\/\/chocolat.cl\/chocolat2017\/wp-json\/wp\/v2\/tags?post=559"}],"curies":[{"name":"wp","href":"https:\/\/api.w.org\/{rel}","templated":true}]}}